{"id":290,"date":"2019-04-17T00:11:05","date_gmt":"2019-04-16T22:11:05","guid":{"rendered":"http:\/\/vichyrando.org\/?p=290"},"modified":"2026-08-28T23:36:39","modified_gmt":"2026-08-28T21:36:39","slug":"calendrier","status":"publish","type":"post","link":"https:\/\/vichyrando.org\/?p=290","title":{"rendered":"Calendrier"},"content":{"rendered":"\n<h2 class=\"wp-block-heading has-text-align-center\"><\/h2>\n\n\n\n<p><\/p>\n\n\n\n<p class=\"has-text-align-center has-blush-light-purple-gradient-background has-background has-medium-font-size\"><strong>Voici le programme propos\u00e9 par les animateurs de Vichy Rando pour la semaine 35<\/strong><\/p>\n\n\n\n<p class=\"has-text-align-center has-blush-light-purple-gradient-background has-background has-medium-font-size\"><strong>(Du lundi 24 au dimanche 30 ao\u00fbt 2026).<\/strong><\/p>\n\n\n\n<p><strong>E. Samedi 29 ao\u00fbt : Marche nordique \u00e0 Vendat<\/strong>, 10 km. D\u00e9part \u00e0 8h30 du cimeti\u00e8re. Avec Lionel (06.86.49.36.64) et Maurice B (06.82.19.11.18).<\/p>\n\n\n\n<p>Lien vers cally: <a href=\"https:\/\/cally.com\/pjx87zz6mydxj6xu\"><strong>https:\/\/cally.com\/pjx87zz6mydxj6xu<\/strong><\/a><strong><\/strong><\/p>\n\n\n\n<p class=\"has-text-align-center has-electric-grass-gradient-background has-background has-medium-font-size\"><strong>Voici le programme propos\u00e9 par les animateurs de Vichy Rando pour la semaine  36<\/strong><\/p>\n\n\n\n<p class=\"has-text-align-center has-electric-grass-gradient-background has-background has-medium-font-size\"><strong>(Du lundi&nbsp;31 ao\u00fbt au dimanche&nbsp;06&nbsp;septembre).<\/strong><\/p>\n\n\n\n<p><strong>A- Lundi 31 ao\u00fbt : Rando sant\u00e9 \u00e0 Vendat, <\/strong>5 km, pas de d\u00e9nivel\u00e9. D\u00e9part \u00e0 09h00 du lieu-dit Champoux (place centrale) . Avec&nbsp;Patrick (06.86.55.19.32).&nbsp;Lien GPS&nbsp;: <a href=\"https:\/\/maps.app.goo.gl\/kJPQLFYPq6xF9nRt9\" target=\"_blank\" rel=\"noreferrer noopener\"><strong>https:\/\/maps.app.goo.gl\/kJPQLFYPq6xF9nRt9<\/strong><\/a><\/p>\n\n\n\n<p>Lien vers cally : <a href=\"https:\/\/cally.com\/pkxjjisv7gnxjpaz\"><strong>https:\/\/cally.com\/pkxjjisv7gnxjpaz<\/strong><\/a><strong><\/strong><\/p>\n\n\n\n<p><strong>B- Mardi&nbsp;01&nbsp;septembre : Marche&nbsp;sportive \u00e0 H\u00e9risson, <\/strong>28 km, peu de d\u00e9nivel\u00e9. D\u00e9part \u00e0 8h30 du quai de l&rsquo;Aumance . Repas tir\u00e9 du sac.&nbsp;Avec&nbsp;Christian (07.81.00.53.66).<\/p>\n\n\n\n<p>Lien vers cally: <a href=\"https:\/\/cally.com\/pwxzqpnzzjfxjpap\"><strong>https:\/\/cally.com\/pwxzqpnzzjfxjpap<\/strong><\/a><strong><\/strong><\/p>\n\n\n\n<p><strong>C- Mardi&nbsp;01&nbsp;septembre : Rando 1\/2 journ\u00e9e \u00e0 Billy<\/strong>, 12 km, d\u00e9nivel\u00e9 faible. D\u00e9part \u00e0 13h30 du parking pr\u00e8s de l&rsquo;\u00e9tang en contrebas du ch\u00e2teau, le long de la N209.&nbsp; Avec&nbsp;Sylvain (06.23.38.91.31).<\/p>\n\n\n\n<p>Lien vers cally : <a href=\"https:\/\/cally.com\/pjxnytbxtntxjpps\"><strong>https:\/\/cally.com\/pjxnytbxtntxjpps<\/strong><\/a><strong><\/strong><\/p>\n\n\n\n<p><strong>D- Jeudi&nbsp;03&nbsp;septembre : Rando journ\u00e9e \u00e0 Ambierle (42820), <\/strong>15,5 km, d\u00e9nivel\u00e9 moyen. D\u00e9part \u00e0 10h00 derri\u00e8re l&rsquo;\u00e9glise St-Martin. Repas tir\u00e9 du sac. Avec&nbsp;Dominique (06.11.78.73.95).<\/p>\n\n\n\n<p>Lien vers cally : <a href=\"https:\/\/cally.com\/pgxkmxq5tgexjppn\"><strong>https:\/\/cally.com\/pgxkmxq5tgexjppn<\/strong><\/a><strong><\/strong><\/p>\n\n\n\n<p><strong>E- Jeudi&nbsp;03&nbsp;septembre : Mini-rando \u00e0 La Chabanne<\/strong>, 8,5 km, d\u00e9nivel\u00e9 moyen. D\u00e9part \u00e0 09h00 du parking de l&rsquo;\u00e9glise. Possibilit\u00e9 de pique-nique tir\u00e9 du sac pour ceux qui le souhaitent \u00e0 l&rsquo;issue de la rando.<\/p>\n\n\n\n<p>Avec&nbsp;Maurice (06.86.51.69.13).<\/p>\n\n\n\n<p>Lien vers cally : <a href=\"https:\/\/cally.com\/pbxm2gsczjmxjppx\"><strong>https:\/\/cally.com\/pbxm2gsczjmxjppx<\/strong><\/a><strong><\/strong><\/p>\n\n\n\n<p><strong>F- Samedi&nbsp;05 septembre : Marche nordique au Vernet<\/strong>, 10 km. D\u00e9part \u00e0 8h30 du Verger Conservatoire&nbsp;.<\/p>\n\n\n\n<p>Avec Lionel (06.86.49.36.64) et Maurice B (06.82.19.11.18).<\/p>\n\n\n\n<p>Lien vers cally : <a href=\"https:\/\/cally.com\/pex6addaqumxjppc\"><strong>https:\/\/cally.com\/pex6addaqumxjppc<\/strong><\/a><strong><\/strong><\/p>\n\n\n\n<p><strong>G : Rando journ\u00e9e <\/strong>\u00a0<strong>dimanche 6 septembre<\/strong>\u00a0\u00e0 Goutti\u00e8res (63). D\u00e9part \u00e0 9h du parking de l&rsquo;\u00e9glise pour 12 km, faible d\u00e9nivel\u00e9. Pique-nique \u00e0 l&rsquo;arriv\u00e9e et d\u00e9ambulation parmi les chats de Goutti\u00e8res ! Avec Brigitte (06.83.33.07.01)<\/p>\n\n\n\n<p>Lien Cally :&nbsp;<strong><a target=\"_blank\" href=\"https:\/\/cally.com\/pbxsf45ew73xj9wc\" rel=\"noreferrer noopener\">https:\/\/cally.com\/pbxsf45ew73xj9wc<\/a><\/strong><\/p>\n\n\n\n<p class=\"has-text-align-center has-nv-dark-bg-color has-blush-light-purple-gradient-background has-text-color has-background has-link-color has-medium-font-size wp-elements-3df7535a5b018d14895d0d3a08a20f80\"><strong>Bonne semaine \u00e0 tous.<\/strong><\/p>\n\n\n\n<p class=\"has-text-align-center\"><\/p>\n\n\n\n<figure class=\"wp-block-image size-full\"><img fetchpriority=\"high\" decoding=\"async\" width=\"675\" height=\"957\" src=\"https:\/\/vichyrando.org\/wp-content\/uploads\/2019\/04\/flyer-RP-Vichy-Rando.jpg\" alt=\"\" class=\"wp-image-6453\" srcset=\"https:\/\/vichyrando.org\/wp-content\/uploads\/2019\/04\/flyer-RP-Vichy-Rando.jpg 675w, https:\/\/vichyrando.org\/wp-content\/uploads\/2019\/04\/flyer-RP-Vichy-Rando-212x300.jpg 212w\" sizes=\"(max-width: 675px) 100vw, 675px\" \/><\/figure>\n\n\n\n<p class=\"has-text-align-center has-electric-grass-gradient-background has-background has-medium-font-size\"><strong>Vichy Rando n&rsquo;organise pas le covoiturage mais pour la plan\u00e8te et pour votre porte-monnaie, pensez \u00e0 covoiturer<\/strong> ! <strong>Et n&rsquo;oubliez pas de vous inscrire gr\u00e2ce \u00e0 Cally avant d&rsquo;aller randonner. Surtout, conservez bien le mail de confirmation du Cally. Il vous servira \u00e0 participer au groupe de discussion de votre rando. Merci.<\/strong><\/p>\n\n\n\n<p class=\"has-text-align-center has-white-color has-text-color has-background has-large-font-size\" style=\"background-color:#03d85f\"><strong>A d h \u00e9 s i o n<\/strong><\/p>\n\n\n\n<p class=\"has-normal-font-size\">La p\u00e9riode couverte par la licence f\u00e9d\u00e9rale correspond \u00e0 l&rsquo;ann\u00e9e sportive, soit du 1er septembre d&rsquo;une ann\u00e9e au 31 ao\u00fbt de l&rsquo;ann\u00e9e suivante. <br>Pour devenir adh\u00e9rent(e) \u00e0 Vichy Rando, club affili\u00e9 \u00e0 la FFRandonn\u00e9e, il suffit de : <br>&#8211; <strong>remplir le Bulletin d&rsquo;adh\u00e9sion<\/strong> et nous le remettre dat\u00e9 et sign\u00e9 ;<br>&#8211; <strong>fournir une attestation de sant\u00e9 pour les pratiquants majeurs<\/strong>, conform\u00e9ment au nouveau r\u00e8glement de la FFRandonn\u00e9e.<br>&#8211; <strong>payer la cotisation annuelle<\/strong> qui comprend l\u2019assurance ( par virement bancaire de pr\u00e9f\u00e9rence ou ch\u00e8que \u00e0 l&rsquo;ordre de Vichy Rando).<\/p>\n\n\n\n<p>Ces documents sont t\u00e9l\u00e9chargeables sur le site de Vichy Rando.<\/p>\n\n\n\n<p class=\"has-nv-dark-bg-color has-pale-ocean-gradient-background has-text-color has-background has-link-color wp-elements-82d0617b9265ae2c840c0db65025d791\" style=\"font-size:24px\">Pour la saison 2026-2027, cette cotisation s&rsquo;\u00e9l\u00e8ve \u00e0 50 \u20ac pour l&rsquo;ann\u00e9e, pour une licence individuelle (soit moins de 1 \u20ac par semaine), 90 \u20ac pour une licence familiale et 32 \u20ac si vous \u00eates d\u00e9j\u00e0 licenci\u00e9 \u00e0 la FFRandonn\u00e9e dans un autre club<strong>.<\/strong><\/p>\n\n\n\n<p class=\"has-text-align-center has-nv-dark-bg-color has-pale-ocean-gradient-background has-text-color has-background has-link-color wp-elements-7758e3d2c07c5ba182b36195615b81e4\" style=\"font-size:24px\"><\/p>\n\n\n\n<p><\/p>\n","protected":false},"excerpt":{"rendered":"<p>Voici le programme propos\u00e9 par les animateurs de Vichy Rando pour la semaine 35 (Du lundi 24 au dimanche 30 ao\u00fbt 2026). E. Samedi 29 ao\u00fbt : Marche nordique \u00e0 Vendat, 10 km. D\u00e9part \u00e0 8h30 du cimeti\u00e8re. Avec Lionel (06.86.49.36.64) et Maurice B (06.82.19.11.18). Lien vers cally: https:\/\/cally.com\/pjx87zz6mydxj6xu Voici le programme propos\u00e9 par les&hellip;&nbsp;<a href=\"https:\/\/vichyrando.org\/?p=290\" class=\"\" rel=\"bookmark\">Lire la suite &raquo;<span class=\"screen-reader-text\">Calendrier<\/span><\/a><\/p>\n","protected":false},"author":3,"featured_media":0,"comment_status":"open","ping_status":"open","sticky":false,"template":"","format":"standard","meta":{"neve_meta_sidebar":"","neve_meta_container":"","neve_meta_enable_content_width":"off","neve_meta_content_width":0,"neve_meta_title_alignment":"","neve_meta_author_avatar":"","neve_post_elements_order":"","neve_meta_disable_header":"","neve_meta_disable_footer":"","neve_meta_disable_title":"","footnotes":""},"categories":[1],"tags":[],"class_list":["post-290","post","type-post","status-publish","format-standard","hentry","category-non-classe"],"_links":{"self":[{"href":"https:\/\/vichyrando.org\/index.php?rest_route=\/wp\/v2\/posts\/290"}],"collection":[{"href":"https:\/\/vichyrando.org\/index.php?rest_route=\/wp\/v2\/posts"}],"about":[{"href":"https:\/\/vichyrando.org\/index.php?rest_route=\/wp\/v2\/types\/post"}],"author":[{"embeddable":true,"href":"https:\/\/vichyrando.org\/index.php?rest_route=\/wp\/v2\/users\/3"}],"replies":[{"embeddable":true,"href":"https:\/\/vichyrando.org\/index.php?rest_route=%2Fwp%2Fv2%2Fcomments&post=290"}],"version-history":[{"count":771,"href":"https:\/\/vichyrando.org\/index.php?rest_route=\/wp\/v2\/posts\/290\/revisions"}],"predecessor-version":[{"id":6485,"href":"https:\/\/vichyrando.org\/index.php?rest_route=\/wp\/v2\/posts\/290\/revisions\/6485"}],"wp:attachment":[{"href":"https:\/\/vichyrando.org\/index.php?rest_route=%2Fwp%2Fv2%2Fmedia&parent=290"}],"wp:term":[{"taxonomy":"category","embeddable":true,"href":"https:\/\/vichyrando.org\/index.php?rest_route=%2Fwp%2Fv2%2Fcategories&post=290"},{"taxonomy":"post_tag","embeddable":true,"href":"https:\/\/vichyrando.org\/index.php?rest_route=%2Fwp%2Fv2%2Ftags&post=290"}],"curies":[{"name":"wp","href":"https:\/\/api.w.org\/{rel}","templated":true}]}}